{"id":482,"date":"2022-11-01T10:01:53","date_gmt":"2022-11-01T08:01:53","guid":{"rendered":"https:\/\/erimell.ee\/blog\/?p=482"},"modified":"2022-11-21T12:43:50","modified_gmt":"2022-11-21T10:43:50","slug":"kolme-maetipu-ja-lumehelbe-margistus","status":"publish","type":"post","link":"https:\/\/erimell.ee\/blog\/kolme-maetipu-ja-lumehelbe-margistus\/","title":{"rendered":"Kolme m\u00e4etipu ja lumehelbe m\u00e4rgistus"},"content":{"rendered":"<p>Selle aasta 1. detsembrist v\u00f5ib kasutada ainult selliseid <a href=\"https:\/\/e-rehvid.ee\/?fwp_categories=lamellrehv\">lamellrehve<\/a>, millel on kolme m\u00e4etipu ja lumehelbe m\u00e4rgistus.<\/p>\n<p>Erimell AS tootevalikus olevad <a href=\"https:\/\/e-rehvid.ee\/?fwp_categories=lamellrehv\">lamellrehvid<\/a> vastavad k\u00f5ik kehtivatele n\u00f5uetele ja omad kolme m\u00e4etipu ja lumehelbe m\u00e4rgistust.<\/p>\n<p><img decoding=\"async\" src=\"https:\/\/hips.hearstapps.com\/hmg-prod\/amv-prod-cad-assets\/wp-content\/uploads\/2017\/11\/Three-Peak-Mountain-Snowflake-3PMSF-MS-symbol-626x383.jpg\" alt=\"All-Weather Tires Explained: Merging All-Seasons and Winter Tires\" \/><\/p>\n<p>Transpordiameti hinnangul on kolme tipu ja lumehelbe t\u00e4histusega rehvid lumeoludesse sobivamad kui n\u00e4iteks M+S t\u00e4histusega rehvid.<\/p>\n<p>Erandina ei pea erit\u00e4histusega <a href=\"https:\/\/e-rehvid.ee\/?fwp_categories=lamellrehv%2Cnaastrehv\">talverehve<\/a> kasutama maastikurehve kasutavad s\u00f5idukid. Need rehvid peavad olema t\u00e4histatud professionaalse maastikurehvi s\u00fcmboliga POR.<\/p>\n<p>Kolme tipuga rehve peab kasutama s\u00f5iduautodel, v\u00e4ikekaubikutel, O2-kategooria haagistel (t\u00e4ismass on \u00fcle 0,75 t, kuid ei \u00fcleta 3,5 t) ning kerega L6e (nt neljarattaline mopeed)- ja L7e-kategooria s\u00f5idukitel.<\/p>\n<p>Talverehvide (st <a href=\"https:\/\/e-rehvid.ee\/?fwp_categories=naastrehv\">naast-<\/a> v\u00f5i <a href=\"https:\/\/e-rehvid.ee\/?fwp_categories=lamellrehv\">lamellrehvide<\/a>) kasutamine on Eestis <mark>kohustuslik<\/mark>\u00a01. detsembrist kuni 1. m\u00e4rtsini.<\/p>\n<p>Laia valiku naast- ja lamellrehve leiad <a href=\"https:\/\/e-rehvid.ee\/?fwp_categories=lamellrehv%2Cnaastrehv\" target=\"_blank\" rel=\"noopener\">e-rehvid.ee<\/a><\/p>\n","protected":false},"excerpt":{"rendered":"<p>Selle aasta 1. detsembrist v\u00f5ib kasutada ainult selliseid lamellrehve, millel on kolme m\u00e4etipu ja lumehelbe m\u00e4rgistus. Erimell AS tootevalikus olevad lamellrehvid vastavad k\u00f5ik kehtivatele n\u00f5uetele ja omad kolme m\u00e4etipu ja lumehelbe m\u00e4rgistust. Transpordiameti hinnangul on kolme tipu ja lumehelbe t\u00e4histusega rehvid lumeoludesse sobivamad kui n\u00e4iteks M+S t\u00e4histusega rehvid. Erandina ei pea erit\u00e4histusega talverehve kasutama maastikurehve &hellip; <a href=\"https:\/\/erimell.ee\/blog\/kolme-maetipu-ja-lumehelbe-margistus\/\" class=\"more-link\">Loe edasi<span class=\"screen-reader-text\"> &#8220;Kolme m\u00e4etipu ja lumehelbe m\u00e4rgistus&#8221;<\/span><\/a><\/p>\n","protected":false},"author":2,"featured_media":0,"comment_status":"open","ping_status":"closed","sticky":false,"template":"","format":"standard","meta":{"footnotes":""},"categories":[1],"tags":[9,55,16],"class_list":["post-482","post","type-post","status-publish","format-standard","hentry","category-erimell","tag-minerva-rehvid","tag-rehv","tag-rehvid"],"yoast_head":"<!-- This site is optimized with the Yoast SEO plugin v27.5 - https:\/\/yoast.com\/product\/yoast-seo-wordpress\/ -->\n<title>Kolme m\u00e4etipu ja lumehelbe m\u00e4rgistus - Erimell blogi<\/title>\n<meta name=\"robots\" content=\"index, follow, max-snippet:-1, max-image-preview:large, max-video-preview:-1\" \/>\n<link rel=\"canonical\" href=\"https:\/\/erimell.ee\/blog\/kolme-maetipu-ja-lumehelbe-margistus\/\" \/>\n<meta property=\"og:locale\" content=\"et_EE\" \/>\n<meta property=\"og:type\" content=\"article\" \/>\n<meta property=\"og:title\" content=\"Kolme m\u00e4etipu ja lumehelbe m\u00e4rgistus - Erimell blogi\" \/>\n<meta property=\"og:description\" content=\"Selle aasta 1. detsembrist v\u00f5ib kasutada ainult selliseid lamellrehve, millel on kolme m\u00e4etipu ja lumehelbe m\u00e4rgistus. Erimell AS tootevalikus olevad lamellrehvid vastavad k\u00f5ik kehtivatele n\u00f5uetele ja omad kolme m\u00e4etipu ja lumehelbe m\u00e4rgistust. Transpordiameti hinnangul on kolme tipu ja lumehelbe t\u00e4histusega rehvid lumeoludesse sobivamad kui n\u00e4iteks M+S t\u00e4histusega rehvid. Erandina ei pea erit\u00e4histusega talverehve kasutama maastikurehve &hellip; Loe edasi &quot;Kolme m\u00e4etipu ja lumehelbe m\u00e4rgistus&quot;\" \/>\n<meta property=\"og:url\" content=\"https:\/\/erimell.ee\/blog\/kolme-maetipu-ja-lumehelbe-margistus\/\" \/>\n<meta property=\"og:site_name\" content=\"Erimell blogi\" \/>\n<meta property=\"article:publisher\" content=\"https:\/\/facebook.com\/erimell.ee\" \/>\n<meta property=\"article:published_time\" content=\"2022-11-01T08:01:53+00:00\" \/>\n<meta property=\"article:modified_time\" content=\"2022-11-21T10:43:50+00:00\" \/>\n<meta property=\"og:image\" content=\"https:\/\/hips.hearstapps.com\/hmg-prod\/amv-prod-cad-assets\/wp-content\/uploads\/2017\/11\/Three-Peak-Mountain-Snowflake-3PMSF-MS-symbol-626x383.jpg\" \/>\n<meta name=\"author\" content=\"Ott\" \/>\n<meta name=\"twitter:card\" content=\"summary_large_image\" \/>\n<meta name=\"twitter:label1\" content=\"Written by\" \/>\n\t<meta name=\"twitter:data1\" content=\"Ott\" \/>\n\t<meta name=\"twitter:label2\" content=\"Est. reading time\" \/>\n\t<meta name=\"twitter:data2\" content=\"1 minut\" \/>\n<script type=\"application\/ld+json\" class=\"yoast-schema-graph\">{\"@context\":\"https:\\\/\\\/schema.org\",\"@graph\":[{\"@type\":\"Article\",\"@id\":\"https:\\\/\\\/erimell.ee\\\/blog\\\/kolme-maetipu-ja-lumehelbe-margistus\\\/#article\",\"isPartOf\":{\"@id\":\"https:\\\/\\\/erimell.ee\\\/blog\\\/kolme-maetipu-ja-lumehelbe-margistus\\\/\"},\"author\":{\"name\":\"Ott\",\"@id\":\"https:\\\/\\\/erimell.ee\\\/blog\\\/#\\\/schema\\\/person\\\/3894851057d835b2e94af13c613e384a\"},\"headline\":\"Kolme m\u00e4etipu ja lumehelbe m\u00e4rgistus\",\"datePublished\":\"2022-11-01T08:01:53+00:00\",\"dateModified\":\"2022-11-21T10:43:50+00:00\",\"mainEntityOfPage\":{\"@id\":\"https:\\\/\\\/erimell.ee\\\/blog\\\/kolme-maetipu-ja-lumehelbe-margistus\\\/\"},\"wordCount\":143,\"commentCount\":0,\"image\":{\"@id\":\"https:\\\/\\\/erimell.ee\\\/blog\\\/kolme-maetipu-ja-lumehelbe-margistus\\\/#primaryimage\"},\"thumbnailUrl\":\"https:\\\/\\\/hips.hearstapps.com\\\/hmg-prod\\\/amv-prod-cad-assets\\\/wp-content\\\/uploads\\\/2017\\\/11\\\/Three-Peak-Mountain-Snowflake-3PMSF-MS-symbol-626x383.jpg\",\"keywords\":[\"Minerva rehvid\",\"rehv\",\"Rehvid\"],\"articleSection\":[\"Erimell\"],\"inLanguage\":\"et\",\"potentialAction\":[{\"@type\":\"CommentAction\",\"name\":\"Comment\",\"target\":[\"https:\\\/\\\/erimell.ee\\\/blog\\\/kolme-maetipu-ja-lumehelbe-margistus\\\/#respond\"]}]},{\"@type\":\"WebPage\",\"@id\":\"https:\\\/\\\/erimell.ee\\\/blog\\\/kolme-maetipu-ja-lumehelbe-margistus\\\/\",\"url\":\"https:\\\/\\\/erimell.ee\\\/blog\\\/kolme-maetipu-ja-lumehelbe-margistus\\\/\",\"name\":\"Kolme m\u00e4etipu ja lumehelbe m\u00e4rgistus - Erimell blogi\",\"isPartOf\":{\"@id\":\"https:\\\/\\\/erimell.ee\\\/blog\\\/#website\"},\"primaryImageOfPage\":{\"@id\":\"https:\\\/\\\/erimell.ee\\\/blog\\\/kolme-maetipu-ja-lumehelbe-margistus\\\/#primaryimage\"},\"image\":{\"@id\":\"https:\\\/\\\/erimell.ee\\\/blog\\\/kolme-maetipu-ja-lumehelbe-margistus\\\/#primaryimage\"},\"thumbnailUrl\":\"https:\\\/\\\/hips.hearstapps.com\\\/hmg-prod\\\/amv-prod-cad-assets\\\/wp-content\\\/uploads\\\/2017\\\/11\\\/Three-Peak-Mountain-Snowflake-3PMSF-MS-symbol-626x383.jpg\",\"datePublished\":\"2022-11-01T08:01:53+00:00\",\"dateModified\":\"2022-11-21T10:43:50+00:00\",\"author\":{\"@id\":\"https:\\\/\\\/erimell.ee\\\/blog\\\/#\\\/schema\\\/person\\\/3894851057d835b2e94af13c613e384a\"},\"breadcrumb\":{\"@id\":\"https:\\\/\\\/erimell.ee\\\/blog\\\/kolme-maetipu-ja-lumehelbe-margistus\\\/#breadcrumb\"},\"inLanguage\":\"et\",\"potentialAction\":[{\"@type\":\"ReadAction\",\"target\":[\"https:\\\/\\\/erimell.ee\\\/blog\\\/kolme-maetipu-ja-lumehelbe-margistus\\\/\"]}]},{\"@type\":\"ImageObject\",\"inLanguage\":\"et\",\"@id\":\"https:\\\/\\\/erimell.ee\\\/blog\\\/kolme-maetipu-ja-lumehelbe-margistus\\\/#primaryimage\",\"url\":\"https:\\\/\\\/hips.hearstapps.com\\\/hmg-prod\\\/amv-prod-cad-assets\\\/wp-content\\\/uploads\\\/2017\\\/11\\\/Three-Peak-Mountain-Snowflake-3PMSF-MS-symbol-626x383.jpg\",\"contentUrl\":\"https:\\\/\\\/hips.hearstapps.com\\\/hmg-prod\\\/amv-prod-cad-assets\\\/wp-content\\\/uploads\\\/2017\\\/11\\\/Three-Peak-Mountain-Snowflake-3PMSF-MS-symbol-626x383.jpg\"},{\"@type\":\"BreadcrumbList\",\"@id\":\"https:\\\/\\\/erimell.ee\\\/blog\\\/kolme-maetipu-ja-lumehelbe-margistus\\\/#breadcrumb\",\"itemListElement\":[{\"@type\":\"ListItem\",\"position\":1,\"name\":\"Home\",\"item\":\"https:\\\/\\\/erimell.ee\\\/blog\\\/\"},{\"@type\":\"ListItem\",\"position\":2,\"name\":\"Kolme m\u00e4etipu ja lumehelbe m\u00e4rgistus\"}]},{\"@type\":\"WebSite\",\"@id\":\"https:\\\/\\\/erimell.ee\\\/blog\\\/#website\",\"url\":\"https:\\\/\\\/erimell.ee\\\/blog\\\/\",\"name\":\"Erimell blogi\",\"description\":\"\u00d5lid, rehvid, m\u00e4\u00e4rdeained jpm.\",\"potentialAction\":[{\"@type\":\"SearchAction\",\"target\":{\"@type\":\"EntryPoint\",\"urlTemplate\":\"https:\\\/\\\/erimell.ee\\\/blog\\\/?s={search_term_string}\"},\"query-input\":{\"@type\":\"PropertyValueSpecification\",\"valueRequired\":true,\"valueName\":\"search_term_string\"}}],\"inLanguage\":\"et\"},{\"@type\":\"Person\",\"@id\":\"https:\\\/\\\/erimell.ee\\\/blog\\\/#\\\/schema\\\/person\\\/3894851057d835b2e94af13c613e384a\",\"name\":\"Ott\",\"url\":\"https:\\\/\\\/erimell.ee\\\/blog\\\/author\\\/erimell-ott\\\/\"}]}<\/script>\n<!-- \/ Yoast SEO plugin. -->","yoast_head_json":{"title":"Kolme m\u00e4etipu ja lumehelbe m\u00e4rgistus - Erimell blogi","robots":{"index":"index","follow":"follow","max-snippet":"max-snippet:-1","max-image-preview":"max-image-preview:large","max-video-preview":"max-video-preview:-1"},"canonical":"https:\/\/erimell.ee\/blog\/kolme-maetipu-ja-lumehelbe-margistus\/","og_locale":"et_EE","og_type":"article","og_title":"Kolme m\u00e4etipu ja lumehelbe m\u00e4rgistus - Erimell blogi","og_description":"Selle aasta 1. detsembrist v\u00f5ib kasutada ainult selliseid lamellrehve, millel on kolme m\u00e4etipu ja lumehelbe m\u00e4rgistus. Erimell AS tootevalikus olevad lamellrehvid vastavad k\u00f5ik kehtivatele n\u00f5uetele ja omad kolme m\u00e4etipu ja lumehelbe m\u00e4rgistust. Transpordiameti hinnangul on kolme tipu ja lumehelbe t\u00e4histusega rehvid lumeoludesse sobivamad kui n\u00e4iteks M+S t\u00e4histusega rehvid. Erandina ei pea erit\u00e4histusega talverehve kasutama maastikurehve &hellip; Loe edasi \"Kolme m\u00e4etipu ja lumehelbe m\u00e4rgistus\"","og_url":"https:\/\/erimell.ee\/blog\/kolme-maetipu-ja-lumehelbe-margistus\/","og_site_name":"Erimell blogi","article_publisher":"https:\/\/facebook.com\/erimell.ee","article_published_time":"2022-11-01T08:01:53+00:00","article_modified_time":"2022-11-21T10:43:50+00:00","og_image":[{"url":"https:\/\/hips.hearstapps.com\/hmg-prod\/amv-prod-cad-assets\/wp-content\/uploads\/2017\/11\/Three-Peak-Mountain-Snowflake-3PMSF-MS-symbol-626x383.jpg","type":"","width":"","height":""}],"author":"Ott","twitter_card":"summary_large_image","twitter_misc":{"Written by":"Ott","Est. reading time":"1 minut"},"schema":{"@context":"https:\/\/schema.org","@graph":[{"@type":"Article","@id":"https:\/\/erimell.ee\/blog\/kolme-maetipu-ja-lumehelbe-margistus\/#article","isPartOf":{"@id":"https:\/\/erimell.ee\/blog\/kolme-maetipu-ja-lumehelbe-margistus\/"},"author":{"name":"Ott","@id":"https:\/\/erimell.ee\/blog\/#\/schema\/person\/3894851057d835b2e94af13c613e384a"},"headline":"Kolme m\u00e4etipu ja lumehelbe m\u00e4rgistus","datePublished":"2022-11-01T08:01:53+00:00","dateModified":"2022-11-21T10:43:50+00:00","mainEntityOfPage":{"@id":"https:\/\/erimell.ee\/blog\/kolme-maetipu-ja-lumehelbe-margistus\/"},"wordCount":143,"commentCount":0,"image":{"@id":"https:\/\/erimell.ee\/blog\/kolme-maetipu-ja-lumehelbe-margistus\/#primaryimage"},"thumbnailUrl":"https:\/\/hips.hearstapps.com\/hmg-prod\/amv-prod-cad-assets\/wp-content\/uploads\/2017\/11\/Three-Peak-Mountain-Snowflake-3PMSF-MS-symbol-626x383.jpg","keywords":["Minerva rehvid","rehv","Rehvid"],"articleSection":["Erimell"],"inLanguage":"et","potentialAction":[{"@type":"CommentAction","name":"Comment","target":["https:\/\/erimell.ee\/blog\/kolme-maetipu-ja-lumehelbe-margistus\/#respond"]}]},{"@type":"WebPage","@id":"https:\/\/erimell.ee\/blog\/kolme-maetipu-ja-lumehelbe-margistus\/","url":"https:\/\/erimell.ee\/blog\/kolme-maetipu-ja-lumehelbe-margistus\/","name":"Kolme m\u00e4etipu ja lumehelbe m\u00e4rgistus - Erimell blogi","isPartOf":{"@id":"https:\/\/erimell.ee\/blog\/#website"},"primaryImageOfPage":{"@id":"https:\/\/erimell.ee\/blog\/kolme-maetipu-ja-lumehelbe-margistus\/#primaryimage"},"image":{"@id":"https:\/\/erimell.ee\/blog\/kolme-maetipu-ja-lumehelbe-margistus\/#primaryimage"},"thumbnailUrl":"https:\/\/hips.hearstapps.com\/hmg-prod\/amv-prod-cad-assets\/wp-content\/uploads\/2017\/11\/Three-Peak-Mountain-Snowflake-3PMSF-MS-symbol-626x383.jpg","datePublished":"2022-11-01T08:01:53+00:00","dateModified":"2022-11-21T10:43:50+00:00","author":{"@id":"https:\/\/erimell.ee\/blog\/#\/schema\/person\/3894851057d835b2e94af13c613e384a"},"breadcrumb":{"@id":"https:\/\/erimell.ee\/blog\/kolme-maetipu-ja-lumehelbe-margistus\/#breadcrumb"},"inLanguage":"et","potentialAction":[{"@type":"ReadAction","target":["https:\/\/erimell.ee\/blog\/kolme-maetipu-ja-lumehelbe-margistus\/"]}]},{"@type":"ImageObject","inLanguage":"et","@id":"https:\/\/erimell.ee\/blog\/kolme-maetipu-ja-lumehelbe-margistus\/#primaryimage","url":"https:\/\/hips.hearstapps.com\/hmg-prod\/amv-prod-cad-assets\/wp-content\/uploads\/2017\/11\/Three-Peak-Mountain-Snowflake-3PMSF-MS-symbol-626x383.jpg","contentUrl":"https:\/\/hips.hearstapps.com\/hmg-prod\/amv-prod-cad-assets\/wp-content\/uploads\/2017\/11\/Three-Peak-Mountain-Snowflake-3PMSF-MS-symbol-626x383.jpg"},{"@type":"BreadcrumbList","@id":"https:\/\/erimell.ee\/blog\/kolme-maetipu-ja-lumehelbe-margistus\/#breadcrumb","itemListElement":[{"@type":"ListItem","position":1,"name":"Home","item":"https:\/\/erimell.ee\/blog\/"},{"@type":"ListItem","position":2,"name":"Kolme m\u00e4etipu ja lumehelbe m\u00e4rgistus"}]},{"@type":"WebSite","@id":"https:\/\/erimell.ee\/blog\/#website","url":"https:\/\/erimell.ee\/blog\/","name":"Erimell blogi","description":"\u00d5lid, rehvid, m\u00e4\u00e4rdeained jpm.","potentialAction":[{"@type":"SearchAction","target":{"@type":"EntryPoint","urlTemplate":"https:\/\/erimell.ee\/blog\/?s={search_term_string}"},"query-input":{"@type":"PropertyValueSpecification","valueRequired":true,"valueName":"search_term_string"}}],"inLanguage":"et"},{"@type":"Person","@id":"https:\/\/erimell.ee\/blog\/#\/schema\/person\/3894851057d835b2e94af13c613e384a","name":"Ott","url":"https:\/\/erimell.ee\/blog\/author\/erimell-ott\/"}]}},"_links":{"self":[{"href":"https:\/\/erimell.ee\/blog\/wp-json\/wp\/v2\/posts\/482","targetHints":{"allow":["GET"]}}],"collection":[{"href":"https:\/\/erimell.ee\/blog\/wp-json\/wp\/v2\/posts"}],"about":[{"href":"https:\/\/erimell.ee\/blog\/wp-json\/wp\/v2\/types\/post"}],"author":[{"embeddable":true,"href":"https:\/\/erimell.ee\/blog\/wp-json\/wp\/v2\/users\/2"}],"replies":[{"embeddable":true,"href":"https:\/\/erimell.ee\/blog\/wp-json\/wp\/v2\/comments?post=482"}],"version-history":[{"count":9,"href":"https:\/\/erimell.ee\/blog\/wp-json\/wp\/v2\/posts\/482\/revisions"}],"predecessor-version":[{"id":518,"href":"https:\/\/erimell.ee\/blog\/wp-json\/wp\/v2\/posts\/482\/revisions\/518"}],"wp:attachment":[{"href":"https:\/\/erimell.ee\/blog\/wp-json\/wp\/v2\/media?parent=482"}],"wp:term":[{"taxonomy":"category","embeddable":true,"href":"https:\/\/erimell.ee\/blog\/wp-json\/wp\/v2\/categories?post=482"},{"taxonomy":"post_tag","embeddable":true,"href":"https:\/\/erimell.ee\/blog\/wp-json\/wp\/v2\/tags?post=482"}],"curies":[{"name":"wp","href":"https:\/\/api.w.org\/{rel}","templated":true}]}}