{"id":219,"date":"2021-05-10T20:54:39","date_gmt":"2021-05-10T17:54:39","guid":{"rendered":"https:\/\/erimell.ee\/blog\/?p=219"},"modified":"2023-02-03T13:10:39","modified_gmt":"2023-02-03T11:10:39","slug":"klaasipesuvedelik","status":"publish","type":"post","link":"https:\/\/erimell.ee\/blog\/klaasipesuvedelik\/","title":{"rendered":"Klaasipesuvedelik &#8211; suvine ja talvine (kuni -38 \u00b0C) soodsalt"},"content":{"rendered":"<p>Klaasipesuvedelikke on olemas kaht t\u00fc\u00fcpi &#8211; suvine ja talvine. <strong>Suvine<\/strong> on vee ja spetsiaalsete pesuvahendite segu. <strong>Talvisele <\/strong>on lisaks segatud k\u00fclmumistemperatuuri langetavat alkoholi (etanooli), et vedelik k\u00fclma ilmaga ei j\u00e4\u00e4tuks.<\/p>\n<figure id=\"attachment_220\" aria-describedby=\"caption-attachment-220\" style=\"width: 1200px\" class=\"wp-caption alignnone\"><img loading=\"lazy\" decoding=\"async\" class=\"size-full wp-image-220\" src=\"https:\/\/erimell.ee\/blog\/wp-content\/uploads\/erimell-klaasipesuvedelik.jpg\" alt=\"Auto klaasipesuvedelik, talvine.\" width=\"1200\" height=\"800\" srcset=\"https:\/\/erimell.ee\/blog\/wp-content\/uploads\/erimell-klaasipesuvedelik.jpg 1200w, https:\/\/erimell.ee\/blog\/wp-content\/uploads\/erimell-klaasipesuvedelik-900x600.jpg 900w, https:\/\/erimell.ee\/blog\/wp-content\/uploads\/erimell-klaasipesuvedelik-768x512.jpg 768w\" sizes=\"auto, (max-width: 709px) 85vw, (max-width: 909px) 67vw, (max-width: 1362px) 62vw, 840px\" \/><figcaption id=\"caption-attachment-220\" class=\"wp-caption-text\">Talvine klaasipesuvedelik &#8211; 21 \u00b0C, Eestis talviseks kasutamiseks suurep\u00e4rane valik.<\/figcaption><\/figure>\n<p><!--more--><\/p>\n<h2>Suvine tuuleklaasivedelik<\/h2>\n<p><a href=\"https:\/\/erimell.ee\/toode\/erimell-klaasipesu-suvine-5l\/\"><strong>Suvine autoklaaside pesuvedelik<\/strong><\/a> &#8211; nagu nimigi \u00fctleb &#8211; on m\u00f5eldud suviseks kasutamiseks. See on k\u00fcllaldase efektiivsusega, et eemaldada klaasidelt putukad, mustuse ning kuivamisel ei j\u00e4ta tuuleklaasile triipe.<\/p>\n<p>Erimelli soodsa hinnaga <a href=\"https:\/\/erimell.ee\/toode\/erimell-klaasipesu-suvine-5l\/\">suvine klaasipesuvedelik<\/a> on saadaval<a href=\"https:\/\/erimell.ee\/toode\/erimell-klaasipesu-suvine-5l\/\"> <strong>5L pakendis<\/strong><\/a> ja <strong><a href=\"https:\/\/erimell.ee\/toode\/erimell-klaasipesu-suvine-10l\/\">10L pakendis<\/a>.<\/strong> Koostisaineteks vesi ning spetsiaalsed pesuained.<\/p>\n<figure id=\"attachment_448\" aria-describedby=\"caption-attachment-448\" style=\"width: 2560px\" class=\"wp-caption alignnone\"><img loading=\"lazy\" decoding=\"async\" class=\"wp-image-448 size-full\" src=\"https:\/\/erimell.ee\/blog\/wp-content\/uploads\/klaasipesuvedelik-erimell-s-scaled.jpg\" alt=\"Auto klaasipesuvedelikud. Suvine (roosa) ja talvised -21 ja -38.\" width=\"2560\" height=\"1264\" srcset=\"https:\/\/erimell.ee\/blog\/wp-content\/uploads\/klaasipesuvedelik-erimell-s-scaled.jpg 2560w, https:\/\/erimell.ee\/blog\/wp-content\/uploads\/klaasipesuvedelik-erimell-s-900x444.jpg 900w, https:\/\/erimell.ee\/blog\/wp-content\/uploads\/klaasipesuvedelik-erimell-s-1800x889.jpg 1800w, https:\/\/erimell.ee\/blog\/wp-content\/uploads\/klaasipesuvedelik-erimell-s-768x379.jpg 768w, https:\/\/erimell.ee\/blog\/wp-content\/uploads\/klaasipesuvedelik-erimell-s-1536x759.jpg 1536w, https:\/\/erimell.ee\/blog\/wp-content\/uploads\/klaasipesuvedelik-erimell-s-2048x1011.jpg 2048w, https:\/\/erimell.ee\/blog\/wp-content\/uploads\/klaasipesuvedelik-erimell-s-1200x593.jpg 1200w\" sizes=\"auto, (max-width: 709px) 85vw, (max-width: 909px) 67vw, (max-width: 1362px) 62vw, 840px\" \/><figcaption id=\"caption-attachment-448\" class=\"wp-caption-text\">Suvine klaasipesuvedelik ja kahe k\u00fclmumistemperatuuriga talvised klaasipesuvedelikud.<\/figcaption><\/figure>\n<h2>Talvine klaasipesuvedelik<\/h2>\n<p><a href=\"https:\/\/erimell.ee\/tootekategooria\/tehnilised-vedelikud\/klaasipesuvedelik\/\">Talvised klaasipesuvedelikud<\/a>\u00a0on saadaval enamasti kahesuguse k\u00fclmataluvusega. <strong>-21 \u00b0C ning -38\u00b0C<\/strong> p\u00e4ris k\u00fclmade ilmade jaoks. K\u00fclmakindlust kontrollitakse vastavate f\u00fc\u00fcsikaliste ja keemiliste parameetrite m\u00f5\u00f5tmisega.<\/p>\n<p>Seejuures on oluline teada, et tootepakendile m\u00e4rgitud k\u00fclmumistemperatuur n\u00e4itab <strong>vedeliku k\u00fclmakindlust auto klaasipesuvedeliku paagis.<\/strong><\/p>\n<p>Kui tuuleklaasile pritsitud madala k\u00fclmumistemperatuuriga vedelik j\u00e4\u00e4tub, siis p\u00f5hjuseks on asjaolu, et vedeliku pihustamisel k\u00fclmakindluse tagamiseks kasutatav alkohol lendub ning k\u00fclmale tuuleklaasile j\u00f5udev vesi j\u00e4\u00e4tub. Tavaliselt tekib selline olukord eelk\u00f5ige s\u00f5idu alustamisel, kui <strong>autosalong ja esiklaas ei ole veel j\u00f5udnud piisavalt soojeneda.<\/strong><\/p>\n<p>Erimelli <a href=\"https:\/\/erimell.ee\/tootekategooria\/tehnilised-vedelikud\/klaasipesuvedelik\/\">talvine klaasipesuvedelik<\/a> on saadaval 4L ja 5L pakendis.<\/p>\n<h2>Millal vahetada talvine klaasipesuvedelik suvise vastu?<\/h2>\n<p>Lihtne vastus sellele oleks, et kui ilmad on piisavalt soojad, et vedelik \u00f6\u00f6sel enam \u00e4ra ei k\u00fclmu. Talvise vedeliku v\u00f5ib rahulikult l\u00f5puni kasutada, kuni paak on t\u00fchi ja sealt edasi suvist vedelikku kasutada. S\u00fcgise tulekul talvisele klaasipesuvedelikule \u00fcleminek v\u00f5iks toimuda niisamuti.<\/p>\n<h2>Kas klaasipesuvedeliku paaki v\u00f5ib ise t\u00e4ita?<\/h2>\n<p>Erinevalt m\u00f5nest teisest autoga seotud protseduurist (nt \u00f5livahetus) on antud juhul on tegemist t\u00f6\u00f6ga, mis on<strong> iga\u00fchele j\u00f5ukohane,<\/strong> kes teab, kust kapotikaant avada.<\/p>\n<p>Klaasipesuvedeliku paak on mootoriruumis tavaliselt lihtsasti ligip\u00e4\u00e4setav, \u00e4ratuntavalt m\u00e4rgistatud ning vedeliku juurdevalamisel on <strong>v\u00e4het\u00f5en\u00e4oline, et midagi v\u00f5ib minna valesti.<\/strong> Seega, jah, tuuleklaasi pesuvedeliku paaki v\u00f5ib iga\u00fcks ise t\u00e4ita.<\/p>\n<p>Kes end aga \u00fcldse mugavalt ei tunne, siis v\u00f5ib paluda paagi t\u00e4is valada autot\u00f6\u00f6kojas ja m\u00f5nikord pakutakse sellist teenust ka pesulas.<\/p>\n<h2>Miks ei ole klaasipesuvedelikku saadaval suuremas pakendis kui 10L?<\/h2>\n<p>Klaasipesuvedelikku kulub talvel ja porisematel aastaaegadel \u00fcsna suures koguses. Enamasti m\u00fc\u00fcakse seda <strong>5L kanistris,<\/strong> mis l\u00e4heb \u00fche korraga paaki ning alles j\u00e4\u00e4b t\u00fchi kanister. Erimellis on saadaval ka<strong>\u00a0<\/strong><strong>10L pakend<\/strong>, millest j\u00e4tkub kauemaks.<\/p>\n<p>Veelgi suuremast kanistrist (nt 25 L) on tuuleklaasivedeliku paaki liiga ebamugav t\u00e4ita. Seet\u00f5ttu suuremat pakendit m\u00fc\u00fcgil ei ole.<\/p>\n<h2>Kuhu on kadunud metanooliga klaasipesuvedelik?<\/h2>\n<p>Erimelli tootevalikus on olemas <a href=\"https:\/\/erimell.ee\/toode\/klaasipesuvedelik-talvine-21c-5l-metanool\/\">talvine klaasipesuvedelik -21\u00b0C 5L<\/a> (metanooliga) <strong>professionaalseks kasutamiseks.<\/strong><\/p>\n<p><strong>Metanooliga klaasipesuvedelikke<\/strong> ei tohi p\u00e4rast 9. maid 2019 m\u00fc\u00fca jaekaubanduses ega eraisikutele. Selline toode ei tohi olla k\u00e4ttesaadav tavatarbijale ja on m\u00f5eldud professionaalseks kasutamiseks.<\/p>\n<p><a href=\"https:\/\/www.terviseamet.ee\/et\/uudised\/9-maist-ei-tohi-tuuleklaasi-ja-jaasulatusvedelikes-enam-metanooli-kasutada\">Terviseameti<\/a>\u00a0andmetel ei tohi alates 9. maist 2019 tavatarbijale enam m\u00fc\u00fca tuuleklaasi- v\u00f5i j\u00e4\u00e4sulatusvedelikke, mille metanoolisisaldus on suurem kui 0,6 massiprotsenti.<strong> Metanool on klassifitseeritud ohtlikumaks aineks kui etanool.<\/strong>\u00a0<a href=\"https:\/\/erimell.ee\/toode\/erimell-klaasipesu-metanooliga-21c-5l\/\">Metanooliga tuuleklaasivedelike<\/a>\u00a0keelamine jaekaubanduses ega eraisikutele on tingitud k\u00f5igile kemikaalitootjatele, -importijatele, -turustajatele ja -kasutajatele kehtiva REACH-m\u00e4\u00e4ruse muudatusest.<\/p>\n<p>Metanooliga klaasipesuvedelik oli varasemalt ostjate seas eelistatud (etanooliga klaasipesuvedelikust \u00fcle 6 korra populaarsem<a class=\"reference\" href=\"https:\/\/www.err.ee\/912775\/kevadel-kaob-muugilt-metanooli-sisaldav-tuuleklaasivedelik\">*<\/a>) kahel peamisel p\u00f5hjusel:<\/p>\n<ul>\n<li>Tal ei olnud spetsiifilist alkoholi l\u00f5hna, mida osad inimesed h\u00e4sti ei talu<\/li>\n<li>Soodsam hind, sest metanool lisandina on odavam kui etanool<\/li>\n<\/ul>\n<h2>Kui sul on t\u00f6\u00f6koda v\u00f5i kauplus<\/h2>\n<p>Kui sul on t\u00f6\u00f6koda v\u00f5i kauplus, kus sooviksid kvaliteetset Erimelli klaasipesuvedelikku m\u00fc\u00fca, siis v\u00f5ta meiega <a href=\"https:\/\/erimell.ee\/kliendileping\/\">kindlasti \u00fchendust<\/a> ja leiame sobiva lahenduse!<\/p>\n","protected":false},"excerpt":{"rendered":"<p>Klaasipesuvedelikke on olemas kaht t\u00fc\u00fcpi &#8211; suvine ja talvine. Suvine on vee ja spetsiaalsete pesuvahendite segu. Talvisele on lisaks segatud k\u00fclmumistemperatuuri langetavat alkoholi (etanooli), et vedelik k\u00fclma ilmaga ei j\u00e4\u00e4tuks.<\/p>\n","protected":false},"author":1,"featured_media":0,"comment_status":"open","ping_status":"open","sticky":false,"template":"","format":"standard","meta":{"footnotes":""},"categories":[18,1],"tags":[14,15,49,47,48],"class_list":["post-219","post","type-post","status-publish","format-standard","hentry","category-autokaubad","category-erimell","tag-kasulik","tag-klaasipesuvedelik","tag-metanooliga-klaasipesuvedelik","tag-suvine-klaasipesuvedelik","tag-talvine-klaasipesuvedelik"],"yoast_head":"<!-- This site is optimized with the Yoast SEO plugin v27.5 - https:\/\/yoast.com\/product\/yoast-seo-wordpress\/ -->\n<title>Klaasipesuvedelik - suvine ja talvine (kuni -38 \u00b0C) soodsalt - Erimell blogi<\/title>\n<meta name=\"robots\" content=\"index, follow, max-snippet:-1, max-image-preview:large, max-video-preview:-1\" \/>\n<link rel=\"canonical\" href=\"https:\/\/erimell.ee\/blog\/klaasipesuvedelik\/\" \/>\n<meta property=\"og:locale\" content=\"et_EE\" \/>\n<meta property=\"og:type\" content=\"article\" \/>\n<meta property=\"og:title\" content=\"Klaasipesuvedelik - suvine ja talvine (kuni -38 \u00b0C) soodsalt - Erimell blogi\" \/>\n<meta property=\"og:description\" content=\"Klaasipesuvedelikke on olemas kaht t\u00fc\u00fcpi &#8211; suvine ja talvine. Suvine on vee ja spetsiaalsete pesuvahendite segu. Talvisele on lisaks segatud k\u00fclmumistemperatuuri langetavat alkoholi (etanooli), et vedelik k\u00fclma ilmaga ei j\u00e4\u00e4tuks.\" \/>\n<meta property=\"og:url\" content=\"https:\/\/erimell.ee\/blog\/klaasipesuvedelik\/\" \/>\n<meta property=\"og:site_name\" content=\"Erimell blogi\" \/>\n<meta property=\"article:publisher\" content=\"https:\/\/facebook.com\/erimell.ee\" \/>\n<meta property=\"article:published_time\" content=\"2021-05-10T17:54:39+00:00\" \/>\n<meta property=\"article:modified_time\" content=\"2023-02-03T11:10:39+00:00\" \/>\n<meta property=\"og:image\" content=\"https:\/\/erimell.ee\/blog\/wp-content\/uploads\/erimell-klaasipesuvedelik.jpg\" \/>\n<meta name=\"author\" content=\"Robert\" \/>\n<meta name=\"twitter:card\" content=\"summary_large_image\" \/>\n<meta name=\"twitter:label1\" content=\"Written by\" \/>\n\t<meta name=\"twitter:data1\" content=\"Robert\" \/>\n\t<meta name=\"twitter:label2\" content=\"Est. reading time\" \/>\n\t<meta name=\"twitter:data2\" content=\"4 minutit\" \/>\n<script type=\"application\/ld+json\" class=\"yoast-schema-graph\">{\"@context\":\"https:\\\/\\\/schema.org\",\"@graph\":[{\"@type\":\"Article\",\"@id\":\"https:\\\/\\\/erimell.ee\\\/blog\\\/klaasipesuvedelik\\\/#article\",\"isPartOf\":{\"@id\":\"https:\\\/\\\/erimell.ee\\\/blog\\\/klaasipesuvedelik\\\/\"},\"author\":{\"name\":\"Robert\",\"@id\":\"https:\\\/\\\/erimell.ee\\\/blog\\\/#\\\/schema\\\/person\\\/89eca5bd50a41a0e196436f93a73a617\"},\"headline\":\"Klaasipesuvedelik &#8211; suvine ja talvine (kuni -38 \u00b0C) soodsalt\",\"datePublished\":\"2021-05-10T17:54:39+00:00\",\"dateModified\":\"2023-02-03T11:10:39+00:00\",\"mainEntityOfPage\":{\"@id\":\"https:\\\/\\\/erimell.ee\\\/blog\\\/klaasipesuvedelik\\\/\"},\"wordCount\":614,\"commentCount\":0,\"image\":{\"@id\":\"https:\\\/\\\/erimell.ee\\\/blog\\\/klaasipesuvedelik\\\/#primaryimage\"},\"thumbnailUrl\":\"https:\\\/\\\/erimell.ee\\\/blog\\\/wp-content\\\/uploads\\\/erimell-klaasipesuvedelik.jpg\",\"keywords\":[\"Kasulik\",\"Klaasipesuvedelik\",\"Metanooliga klaasipesuvedelik\",\"Suvine klaasipesuvedelik\",\"Talvine klaasipesuvedelik\"],\"articleSection\":[\"Autokaubad\",\"Erimell\"],\"inLanguage\":\"et\",\"potentialAction\":[{\"@type\":\"CommentAction\",\"name\":\"Comment\",\"target\":[\"https:\\\/\\\/erimell.ee\\\/blog\\\/klaasipesuvedelik\\\/#respond\"]}]},{\"@type\":\"WebPage\",\"@id\":\"https:\\\/\\\/erimell.ee\\\/blog\\\/klaasipesuvedelik\\\/\",\"url\":\"https:\\\/\\\/erimell.ee\\\/blog\\\/klaasipesuvedelik\\\/\",\"name\":\"Klaasipesuvedelik - suvine ja talvine (kuni -38 \u00b0C) soodsalt - Erimell blogi\",\"isPartOf\":{\"@id\":\"https:\\\/\\\/erimell.ee\\\/blog\\\/#website\"},\"primaryImageOfPage\":{\"@id\":\"https:\\\/\\\/erimell.ee\\\/blog\\\/klaasipesuvedelik\\\/#primaryimage\"},\"image\":{\"@id\":\"https:\\\/\\\/erimell.ee\\\/blog\\\/klaasipesuvedelik\\\/#primaryimage\"},\"thumbnailUrl\":\"https:\\\/\\\/erimell.ee\\\/blog\\\/wp-content\\\/uploads\\\/erimell-klaasipesuvedelik.jpg\",\"datePublished\":\"2021-05-10T17:54:39+00:00\",\"dateModified\":\"2023-02-03T11:10:39+00:00\",\"author\":{\"@id\":\"https:\\\/\\\/erimell.ee\\\/blog\\\/#\\\/schema\\\/person\\\/89eca5bd50a41a0e196436f93a73a617\"},\"breadcrumb\":{\"@id\":\"https:\\\/\\\/erimell.ee\\\/blog\\\/klaasipesuvedelik\\\/#breadcrumb\"},\"inLanguage\":\"et\",\"potentialAction\":[{\"@type\":\"ReadAction\",\"target\":[\"https:\\\/\\\/erimell.ee\\\/blog\\\/klaasipesuvedelik\\\/\"]}]},{\"@type\":\"ImageObject\",\"inLanguage\":\"et\",\"@id\":\"https:\\\/\\\/erimell.ee\\\/blog\\\/klaasipesuvedelik\\\/#primaryimage\",\"url\":\"https:\\\/\\\/erimell.ee\\\/blog\\\/wp-content\\\/uploads\\\/erimell-klaasipesuvedelik.jpg\",\"contentUrl\":\"https:\\\/\\\/erimell.ee\\\/blog\\\/wp-content\\\/uploads\\\/erimell-klaasipesuvedelik.jpg\",\"width\":1200,\"height\":800,\"caption\":\"Auto klaasipesuvedelik, talvine.\"},{\"@type\":\"BreadcrumbList\",\"@id\":\"https:\\\/\\\/erimell.ee\\\/blog\\\/klaasipesuvedelik\\\/#breadcrumb\",\"itemListElement\":[{\"@type\":\"ListItem\",\"position\":1,\"name\":\"Home\",\"item\":\"https:\\\/\\\/erimell.ee\\\/blog\\\/\"},{\"@type\":\"ListItem\",\"position\":2,\"name\":\"Klaasipesuvedelik &#8211; suvine ja talvine (kuni -38 \u00b0C) soodsalt\"}]},{\"@type\":\"WebSite\",\"@id\":\"https:\\\/\\\/erimell.ee\\\/blog\\\/#website\",\"url\":\"https:\\\/\\\/erimell.ee\\\/blog\\\/\",\"name\":\"Erimell blogi\",\"description\":\"\u00d5lid, rehvid, m\u00e4\u00e4rdeained jpm.\",\"potentialAction\":[{\"@type\":\"SearchAction\",\"target\":{\"@type\":\"EntryPoint\",\"urlTemplate\":\"https:\\\/\\\/erimell.ee\\\/blog\\\/?s={search_term_string}\"},\"query-input\":{\"@type\":\"PropertyValueSpecification\",\"valueRequired\":true,\"valueName\":\"search_term_string\"}}],\"inLanguage\":\"et\"},{\"@type\":\"Person\",\"@id\":\"https:\\\/\\\/erimell.ee\\\/blog\\\/#\\\/schema\\\/person\\\/89eca5bd50a41a0e196436f93a73a617\",\"name\":\"Robert\",\"url\":\"https:\\\/\\\/erimell.ee\\\/blog\\\/author\\\/erimell-robert\\\/\"}]}<\/script>\n<!-- \/ Yoast SEO plugin. -->","yoast_head_json":{"title":"Klaasipesuvedelik - suvine ja talvine (kuni -38 \u00b0C) soodsalt - Erimell blogi","robots":{"index":"index","follow":"follow","max-snippet":"max-snippet:-1","max-image-preview":"max-image-preview:large","max-video-preview":"max-video-preview:-1"},"canonical":"https:\/\/erimell.ee\/blog\/klaasipesuvedelik\/","og_locale":"et_EE","og_type":"article","og_title":"Klaasipesuvedelik - suvine ja talvine (kuni -38 \u00b0C) soodsalt - Erimell blogi","og_description":"Klaasipesuvedelikke on olemas kaht t\u00fc\u00fcpi &#8211; suvine ja talvine. Suvine on vee ja spetsiaalsete pesuvahendite segu. Talvisele on lisaks segatud k\u00fclmumistemperatuuri langetavat alkoholi (etanooli), et vedelik k\u00fclma ilmaga ei j\u00e4\u00e4tuks.","og_url":"https:\/\/erimell.ee\/blog\/klaasipesuvedelik\/","og_site_name":"Erimell blogi","article_publisher":"https:\/\/facebook.com\/erimell.ee","article_published_time":"2021-05-10T17:54:39+00:00","article_modified_time":"2023-02-03T11:10:39+00:00","og_image":[{"url":"https:\/\/erimell.ee\/blog\/wp-content\/uploads\/erimell-klaasipesuvedelik.jpg","type":"","width":"","height":""}],"author":"Robert","twitter_card":"summary_large_image","twitter_misc":{"Written by":"Robert","Est. reading time":"4 minutit"},"schema":{"@context":"https:\/\/schema.org","@graph":[{"@type":"Article","@id":"https:\/\/erimell.ee\/blog\/klaasipesuvedelik\/#article","isPartOf":{"@id":"https:\/\/erimell.ee\/blog\/klaasipesuvedelik\/"},"author":{"name":"Robert","@id":"https:\/\/erimell.ee\/blog\/#\/schema\/person\/89eca5bd50a41a0e196436f93a73a617"},"headline":"Klaasipesuvedelik &#8211; suvine ja talvine (kuni -38 \u00b0C) soodsalt","datePublished":"2021-05-10T17:54:39+00:00","dateModified":"2023-02-03T11:10:39+00:00","mainEntityOfPage":{"@id":"https:\/\/erimell.ee\/blog\/klaasipesuvedelik\/"},"wordCount":614,"commentCount":0,"image":{"@id":"https:\/\/erimell.ee\/blog\/klaasipesuvedelik\/#primaryimage"},"thumbnailUrl":"https:\/\/erimell.ee\/blog\/wp-content\/uploads\/erimell-klaasipesuvedelik.jpg","keywords":["Kasulik","Klaasipesuvedelik","Metanooliga klaasipesuvedelik","Suvine klaasipesuvedelik","Talvine klaasipesuvedelik"],"articleSection":["Autokaubad","Erimell"],"inLanguage":"et","potentialAction":[{"@type":"CommentAction","name":"Comment","target":["https:\/\/erimell.ee\/blog\/klaasipesuvedelik\/#respond"]}]},{"@type":"WebPage","@id":"https:\/\/erimell.ee\/blog\/klaasipesuvedelik\/","url":"https:\/\/erimell.ee\/blog\/klaasipesuvedelik\/","name":"Klaasipesuvedelik - suvine ja talvine (kuni -38 \u00b0C) soodsalt - Erimell blogi","isPartOf":{"@id":"https:\/\/erimell.ee\/blog\/#website"},"primaryImageOfPage":{"@id":"https:\/\/erimell.ee\/blog\/klaasipesuvedelik\/#primaryimage"},"image":{"@id":"https:\/\/erimell.ee\/blog\/klaasipesuvedelik\/#primaryimage"},"thumbnailUrl":"https:\/\/erimell.ee\/blog\/wp-content\/uploads\/erimell-klaasipesuvedelik.jpg","datePublished":"2021-05-10T17:54:39+00:00","dateModified":"2023-02-03T11:10:39+00:00","author":{"@id":"https:\/\/erimell.ee\/blog\/#\/schema\/person\/89eca5bd50a41a0e196436f93a73a617"},"breadcrumb":{"@id":"https:\/\/erimell.ee\/blog\/klaasipesuvedelik\/#breadcrumb"},"inLanguage":"et","potentialAction":[{"@type":"ReadAction","target":["https:\/\/erimell.ee\/blog\/klaasipesuvedelik\/"]}]},{"@type":"ImageObject","inLanguage":"et","@id":"https:\/\/erimell.ee\/blog\/klaasipesuvedelik\/#primaryimage","url":"https:\/\/erimell.ee\/blog\/wp-content\/uploads\/erimell-klaasipesuvedelik.jpg","contentUrl":"https:\/\/erimell.ee\/blog\/wp-content\/uploads\/erimell-klaasipesuvedelik.jpg","width":1200,"height":800,"caption":"Auto klaasipesuvedelik, talvine."},{"@type":"BreadcrumbList","@id":"https:\/\/erimell.ee\/blog\/klaasipesuvedelik\/#breadcrumb","itemListElement":[{"@type":"ListItem","position":1,"name":"Home","item":"https:\/\/erimell.ee\/blog\/"},{"@type":"ListItem","position":2,"name":"Klaasipesuvedelik &#8211; suvine ja talvine (kuni -38 \u00b0C) soodsalt"}]},{"@type":"WebSite","@id":"https:\/\/erimell.ee\/blog\/#website","url":"https:\/\/erimell.ee\/blog\/","name":"Erimell blogi","description":"\u00d5lid, rehvid, m\u00e4\u00e4rdeained jpm.","potentialAction":[{"@type":"SearchAction","target":{"@type":"EntryPoint","urlTemplate":"https:\/\/erimell.ee\/blog\/?s={search_term_string}"},"query-input":{"@type":"PropertyValueSpecification","valueRequired":true,"valueName":"search_term_string"}}],"inLanguage":"et"},{"@type":"Person","@id":"https:\/\/erimell.ee\/blog\/#\/schema\/person\/89eca5bd50a41a0e196436f93a73a617","name":"Robert","url":"https:\/\/erimell.ee\/blog\/author\/erimell-robert\/"}]}},"_links":{"self":[{"href":"https:\/\/erimell.ee\/blog\/wp-json\/wp\/v2\/posts\/219","targetHints":{"allow":["GET"]}}],"collection":[{"href":"https:\/\/erimell.ee\/blog\/wp-json\/wp\/v2\/posts"}],"about":[{"href":"https:\/\/erimell.ee\/blog\/wp-json\/wp\/v2\/types\/post"}],"author":[{"embeddable":true,"href":"https:\/\/erimell.ee\/blog\/wp-json\/wp\/v2\/users\/1"}],"replies":[{"embeddable":true,"href":"https:\/\/erimell.ee\/blog\/wp-json\/wp\/v2\/comments?post=219"}],"version-history":[{"count":15,"href":"https:\/\/erimell.ee\/blog\/wp-json\/wp\/v2\/posts\/219\/revisions"}],"predecessor-version":[{"id":526,"href":"https:\/\/erimell.ee\/blog\/wp-json\/wp\/v2\/posts\/219\/revisions\/526"}],"wp:attachment":[{"href":"https:\/\/erimell.ee\/blog\/wp-json\/wp\/v2\/media?parent=219"}],"wp:term":[{"taxonomy":"category","embeddable":true,"href":"https:\/\/erimell.ee\/blog\/wp-json\/wp\/v2\/categories?post=219"},{"taxonomy":"post_tag","embeddable":true,"href":"https:\/\/erimell.ee\/blog\/wp-json\/wp\/v2\/tags?post=219"}],"curies":[{"name":"wp","href":"https:\/\/api.w.org\/{rel}","templated":true}]}}